{"id":2416,"date":"2026-04-29T14:30:58","date_gmt":"2026-04-29T14:30:58","guid":{"rendered":"https:\/\/grzasociados.com\/?p=2416"},"modified":"2026-04-29T17:36:49","modified_gmt":"2026-04-29T17:36:49","slug":"resolucion-ministerial-n-008-2026-ef-15-01-aprueban-precios-de-referencia-y-derechos-variables-adicionales-sobre-las-importaciones-de-maiz-azucar-arroz-y-lacteos","status":"publish","type":"post","link":"https:\/\/grzasociados.com\/en\/resolucion-ministerial-n-008-2026-ef-15-01-aprueban-precios-de-referencia-y-derechos-variables-adicionales-sobre-las-importaciones-de-maiz-azucar-arroz-y-lacteos\/","title":{"rendered":"MINISTERIAL RESOLUTION No. 008-2026-EF\/15.01 \u2013 APPROVAL OF REFERENCE PRICES AND ADDITIONAL VARIABLE DUTIES ON IMPORTS OF CORN, SUGAR, RICE, AND DAIRY PRODUCTS"},"content":{"rendered":"<p>[et_pb_section fb_built=\u00bb1&#8243; admin_label=\u00bbsection\u00bb _builder_version=\u00bb4.16&#8243; da_disable_devices=\u00bboff|off|off\u00bb global_colors_info=\u00bb{}\u00bb theme_builder_area=\u00bbpost_content\u00bb da_is_popup=\u00bboff\u00bb da_exit_intent=\u00bboff\u00bb da_has_close=\u00bbon\u00bb da_alt_close=\u00bboff\u00bb da_dark_close=\u00bboff\u00bb da_not_modal=\u00bbon\u00bb da_is_singular=\u00bboff\u00bb da_with_loader=\u00bboff\u00bb da_has_shadow=\u00bbon\u00bb][et_pb_row admin_label=\u00bbrow\u00bb _builder_version=\u00bb4.16&#8243; background_size=\u00bbinitial\u00bb background_position=\u00bbtop_left\u00bb background_repeat=\u00bbrepeat\u00bb global_colors_info=\u00bb{}\u00bb theme_builder_area=\u00bbpost_content\u00bb][et_pb_column type=\u00bb4_4&#8243; _builder_version=\u00bb4.16&#8243; custom_padding=\u00bb|||\u00bb global_colors_info=\u00bb{}\u00bb custom_padding__hover=\u00bb|||\u00bb theme_builder_area=\u00bbpost_content\u00bb][et_pb_text admin_label=\u00bbText\u00bb _builder_version=\u00bb4.16&#8243; background_size=\u00bbinitial\u00bb background_position=\u00bbtop_left\u00bb background_repeat=\u00bbrepeat\u00bb hover_enabled=\u00bb0&#8243; global_colors_info=\u00bb{}\u00bb theme_builder_area=\u00bbpost_content\u00bb custom_padding=\u00bb||2px|||\u00bb sticky_enabled=\u00bb0&#8243;]<\/p>\n<p>Mediante Decreto Supremo N\u00b0 115-2001- EF, se estableci\u00f3 el Sistema de Franja de Precios a las importaciones de los productos ma\u00edz, az\u00facar, arroz y l\u00e1cteos.<\/p>\n<p>Posteriormente, mediante el Decreto Supremo N\u00b0 338-2025-EF se actualizaron las Tablas Aduaneras aplicables a la importaci\u00f3n de los productos mencionados anteriormente, con una vigencia hasta el 31.12.2026.<\/p>\n<p>En ese sentido, corresponde aprobar los precios de referencia obtenidos en base a las cotizaciones observadas en el periodo del 1 al 31 de marzo de 2026 y los derechos variables adicionales respectivos, tal como se se\u00f1ala a continuaci\u00f3n:<\/p>\n<p>[\/et_pb_text][et_pb_image src=\u00bbhttps:\/\/grzasociados.com\/wp-content\/uploads\/2026\/04\/Captura-de-pantalla-2026-04-29-122554.png\u00bb _builder_version=\u00bb4.27.4&#8243; _module_preset=\u00bbdefault\u00bb theme_builder_area=\u00bbet_body_layout\u00bb title_text=\u00bbCaptura de pantalla 2026-04-29 122554&#8243; hover_enabled=\u00bb0&#8243; sticky_enabled=\u00bb0&#8243; align=\u00bbcenter\u00bb][\/et_pb_image][et_pb_text admin_label=\u00bbText\u00bb _builder_version=\u00bb4.16&#8243; background_size=\u00bbinitial\u00bb background_position=\u00bbtop_left\u00bb background_repeat=\u00bbrepeat\u00bb hover_enabled=\u00bb0&#8243; global_colors_info=\u00bb{}\u00bb theme_builder_area=\u00bbpost_content\u00bb custom_padding=\u00bb||2px|||\u00bb sticky_enabled=\u00bb0&#8243;]<\/p>\n<p>&nbsp;<\/p>\n<p>Para visualizar la Resoluci\u00f3n completa hacer clic en el siguiente enlace: <a href=\"https:\/\/tinyurl.com\/5pk47wtv\">https:\/\/tinyurl.com\/5pk47wtv<\/a><\/p>\n<p>[\/et_pb_text][\/et_pb_column][\/et_pb_row][\/et_pb_section]<\/p>\n","protected":false},"excerpt":{"rendered":"<p>Mediante Decreto Supremo N\u00b0 115-2001- EF, se estableci\u00f3 el Sistema de Franja de Precios a las importaciones de los productos ma\u00edz, az\u00facar, arroz y l\u00e1cteos. Posteriormente, mediante el Decreto Supremo [&hellip;]<\/p>\n","protected":false},"author":2,"featured_media":0,"comment_status":"closed","ping_status":"closed","sticky":false,"template":"","format":"standard","meta":{"_et_pb_use_builder":"on","_et_pb_old_content":"Mediante Decreto Supremo N\u00b0 115-2001- EF, se estableci\u00f3 el Sistema de Franja de Precios a las importaciones de los productos ma\u00edz, az\u00facar, arroz y l\u00e1cteos.\r\n\r\nPosteriormente, mediante el Decreto Supremo N\u00b0 338-2025-EF se actualizaron las Tablas Aduaneras aplicables a la importaci\u00f3n de los productos mencionados anteriormente, con una vigencia hasta el 31.12.2026.\r\n\r\nEn ese sentido, corresponde aprobar los precios de referencia obtenidos en base a las cotizaciones observadas en el periodo del 1 al 31 de marzo de 2026 y los derechos variables adicionales respectivos, tal como se se\u00f1ala a continuaci\u00f3n:\r\n\r\n<img class=\"wp-image-2417 aligncenter\" src=\"https:\/\/grzasociados.com\/wp-content\/uploads\/2026\/04\/Captura-de-pantalla-2026-04-29-092900-300x68.gif\" alt=\"\" width=\"569\" height=\"129\" \/>\r\n\r\nPara visualizar la Resoluci\u00f3n completa hacer clic en el siguiente enlace: <a href=\"https:\/\/tinyurl.com\/5pk47wtv\">https:\/\/tinyurl.com\/5pk47wtv<\/a>","_et_gb_content_width":"","footnotes":""},"categories":[18],"tags":[],"class_list":["post-2416","post","type-post","status-publish","format-standard","hentry","category-informativo-aduanero"],"yoast_head":"<!-- This site is optimized with the Yoast SEO plugin v26.7 - https:\/\/yoast.com\/wordpress\/plugins\/seo\/ -->\n<title>RESOLUCI\u00d3N MINISTERIAL N\u00b0 008-2026-EF\/15.01 \u2013 APRUEBAN PRECIOS DE REFERENCIA Y DERECHOS VARIABLES ADICIONALES SOBRE LAS IMPORTACIONES DE MA\u00cdZ, AZ\u00daCAR, ARROZ Y L\u00c1CTEOS - Estudio G\u00e1lvez Risso Zegarra &amp; Asociados<\/title>\n<meta name=\"robots\" content=\"index, follow, max-snippet:-1, max-image-preview:large, max-video-preview:-1\" \/>\n<link rel=\"canonical\" href=\"https:\/\/grzasociados.com\/en\/resolucion-ministerial-n-008-2026-ef-15-01-aprueban-precios-de-referencia-y-derechos-variables-adicionales-sobre-las-importaciones-de-maiz-azucar-arroz-y-lacteos\/\" \/>\n<meta property=\"og:locale\" content=\"en_US\" \/>\n<meta property=\"og:type\" content=\"article\" \/>\n<meta property=\"og:title\" content=\"RESOLUCI\u00d3N MINISTERIAL N\u00b0 008-2026-EF\/15.01 \u2013 APRUEBAN PRECIOS DE REFERENCIA Y DERECHOS VARIABLES ADICIONALES SOBRE LAS IMPORTACIONES DE MA\u00cdZ, AZ\u00daCAR, ARROZ Y L\u00c1CTEOS - Estudio G\u00e1lvez Risso Zegarra &amp; Asociados\" \/>\n<meta property=\"og:description\" content=\"Mediante Decreto Supremo N\u00b0 115-2001- EF, se estableci\u00f3 el Sistema de Franja de Precios a las importaciones de los productos ma\u00edz, az\u00facar, arroz y l\u00e1cteos. Posteriormente, mediante el Decreto Supremo [&hellip;]\" \/>\n<meta property=\"og:url\" content=\"https:\/\/grzasociados.com\/en\/resolucion-ministerial-n-008-2026-ef-15-01-aprueban-precios-de-referencia-y-derechos-variables-adicionales-sobre-las-importaciones-de-maiz-azucar-arroz-y-lacteos\/\" \/>\n<meta property=\"og:site_name\" content=\"Estudio G\u00e1lvez Risso Zegarra &amp; Asociados\" \/>\n<meta property=\"article:published_time\" content=\"2026-04-29T14:30:58+00:00\" \/>\n<meta property=\"article:modified_time\" content=\"2026-04-29T17:36:49+00:00\" \/>\n<meta name=\"author\" content=\"Karina Manco\" \/>\n<meta name=\"twitter:card\" content=\"summary_large_image\" \/>\n<meta name=\"twitter:label1\" content=\"Written by\" \/>\n\t<meta name=\"twitter:data1\" content=\"Karina Manco\" \/>\n\t<meta name=\"twitter:label2\" content=\"Est. reading time\" \/>\n\t<meta name=\"twitter:data2\" content=\"1 minute\" \/>\n<script type=\"application\/ld+json\" class=\"yoast-schema-graph\">{\"@context\":\"https:\/\/schema.org\",\"@graph\":[{\"@type\":\"Article\",\"@id\":\"https:\/\/grzasociados.com\/resolucion-ministerial-n-008-2026-ef-15-01-aprueban-precios-de-referencia-y-derechos-variables-adicionales-sobre-las-importaciones-de-maiz-azucar-arroz-y-lacteos\/#article\",\"isPartOf\":{\"@id\":\"https:\/\/grzasociados.com\/resolucion-ministerial-n-008-2026-ef-15-01-aprueban-precios-de-referencia-y-derechos-variables-adicionales-sobre-las-importaciones-de-maiz-azucar-arroz-y-lacteos\/\"},\"author\":{\"name\":\"Karina Manco\",\"@id\":\"https:\/\/grzasociados.com\/#\/schema\/person\/4af6c646ce4bac72b5879eda8bf3d663\"},\"headline\":\"RESOLUCI\u00d3N MINISTERIAL N\u00b0 008-2026-EF\/15.01 \u2013 APRUEBAN PRECIOS DE REFERENCIA Y DERECHOS VARIABLES ADICIONALES SOBRE LAS IMPORTACIONES DE MA\u00cdZ, AZ\u00daCAR, ARROZ Y L\u00c1CTEOS\",\"datePublished\":\"2026-04-29T14:30:58+00:00\",\"dateModified\":\"2026-04-29T17:36:49+00:00\",\"mainEntityOfPage\":{\"@id\":\"https:\/\/grzasociados.com\/resolucion-ministerial-n-008-2026-ef-15-01-aprueban-precios-de-referencia-y-derechos-variables-adicionales-sobre-las-importaciones-de-maiz-azucar-arroz-y-lacteos\/\"},\"wordCount\":366,\"publisher\":{\"@id\":\"https:\/\/grzasociados.com\/#organization\"},\"articleSection\":[\"Informativo Aduanero\"],\"inLanguage\":\"en-US\"},{\"@type\":\"WebPage\",\"@id\":\"https:\/\/grzasociados.com\/resolucion-ministerial-n-008-2026-ef-15-01-aprueban-precios-de-referencia-y-derechos-variables-adicionales-sobre-las-importaciones-de-maiz-azucar-arroz-y-lacteos\/\",\"url\":\"https:\/\/grzasociados.com\/resolucion-ministerial-n-008-2026-ef-15-01-aprueban-precios-de-referencia-y-derechos-variables-adicionales-sobre-las-importaciones-de-maiz-azucar-arroz-y-lacteos\/\",\"name\":\"RESOLUCI\u00d3N MINISTERIAL N\u00b0 008-2026-EF\/15.01 \u2013 APRUEBAN PRECIOS DE REFERENCIA Y DERECHOS VARIABLES ADICIONALES SOBRE LAS IMPORTACIONES DE MA\u00cdZ, AZ\u00daCAR, ARROZ Y L\u00c1CTEOS - Estudio G\u00e1lvez Risso Zegarra &amp; Asociados\",\"isPartOf\":{\"@id\":\"https:\/\/grzasociados.com\/#website\"},\"datePublished\":\"2026-04-29T14:30:58+00:00\",\"dateModified\":\"2026-04-29T17:36:49+00:00\",\"breadcrumb\":{\"@id\":\"https:\/\/grzasociados.com\/resolucion-ministerial-n-008-2026-ef-15-01-aprueban-precios-de-referencia-y-derechos-variables-adicionales-sobre-las-importaciones-de-maiz-azucar-arroz-y-lacteos\/#breadcrumb\"},\"inLanguage\":\"en-US\",\"potentialAction\":[{\"@type\":\"ReadAction\",\"target\":[\"https:\/\/grzasociados.com\/resolucion-ministerial-n-008-2026-ef-15-01-aprueban-precios-de-referencia-y-derechos-variables-adicionales-sobre-las-importaciones-de-maiz-azucar-arroz-y-lacteos\/\"]}]},{\"@type\":\"BreadcrumbList\",\"@id\":\"https:\/\/grzasociados.com\/resolucion-ministerial-n-008-2026-ef-15-01-aprueban-precios-de-referencia-y-derechos-variables-adicionales-sobre-las-importaciones-de-maiz-azucar-arroz-y-lacteos\/#breadcrumb\",\"itemListElement\":[{\"@type\":\"ListItem\",\"position\":1,\"name\":\"Portada\",\"item\":\"https:\/\/grzasociados.com\/\"},{\"@type\":\"ListItem\",\"position\":2,\"name\":\"RESOLUCI\u00d3N MINISTERIAL N\u00b0 008-2026-EF\/15.01 \u2013 APRUEBAN PRECIOS DE REFERENCIA Y DERECHOS VARIABLES ADICIONALES SOBRE LAS IMPORTACIONES DE MA\u00cdZ, AZ\u00daCAR, ARROZ Y L\u00c1CTEOS\"}]},{\"@type\":\"WebSite\",\"@id\":\"https:\/\/grzasociados.com\/#website\",\"url\":\"https:\/\/grzasociados.com\/\",\"name\":\"Estudio G\u00e1lvez Risso Zegarra & Asociados\",\"description\":\"\",\"publisher\":{\"@id\":\"https:\/\/grzasociados.com\/#organization\"},\"potentialAction\":[{\"@type\":\"SearchAction\",\"target\":{\"@type\":\"EntryPoint\",\"urlTemplate\":\"https:\/\/grzasociados.com\/?s={search_term_string}\"},\"query-input\":{\"@type\":\"PropertyValueSpecification\",\"valueRequired\":true,\"valueName\":\"search_term_string\"}}],\"inLanguage\":\"en-US\"},{\"@type\":\"Organization\",\"@id\":\"https:\/\/grzasociados.com\/#organization\",\"name\":\"Estudio G\u00e1lvez Risso Zegarra & Asociados\",\"url\":\"https:\/\/grzasociados.com\/\",\"logo\":{\"@type\":\"ImageObject\",\"inLanguage\":\"en-US\",\"@id\":\"https:\/\/grzasociados.com\/#\/schema\/logo\/image\/\",\"url\":\"https:\/\/grzasociados.com\/wp-content\/uploads\/2025\/04\/grz.png\",\"contentUrl\":\"https:\/\/grzasociados.com\/wp-content\/uploads\/2025\/04\/grz.png\",\"width\":386,\"height\":91,\"caption\":\"Estudio G\u00e1lvez Risso Zegarra & Asociados\"},\"image\":{\"@id\":\"https:\/\/grzasociados.com\/#\/schema\/logo\/image\/\"}},{\"@type\":\"Person\",\"@id\":\"https:\/\/grzasociados.com\/#\/schema\/person\/4af6c646ce4bac72b5879eda8bf3d663\",\"name\":\"Karina Manco\",\"image\":{\"@type\":\"ImageObject\",\"inLanguage\":\"en-US\",\"@id\":\"https:\/\/grzasociados.com\/#\/schema\/person\/image\/\",\"url\":\"https:\/\/secure.gravatar.com\/avatar\/35f5e31c8539d65e92ccf21328793e3ceefd21b7ae8fa073cc572f6999f4197c?s=96&d=mm&r=g\",\"contentUrl\":\"https:\/\/secure.gravatar.com\/avatar\/35f5e31c8539d65e92ccf21328793e3ceefd21b7ae8fa073cc572f6999f4197c?s=96&d=mm&r=g\",\"caption\":\"Karina Manco\"},\"url\":\"https:\/\/grzasociados.com\/en\/author\/kmanco_adm\/\"}]}<\/script>\n<!-- \/ Yoast SEO plugin. -->","yoast_head_json":{"title":"RESOLUCI\u00d3N MINISTERIAL N\u00b0 008-2026-EF\/15.01 \u2013 APRUEBAN PRECIOS DE REFERENCIA Y DERECHOS VARIABLES ADICIONALES SOBRE LAS IMPORTACIONES DE MA\u00cdZ, AZ\u00daCAR, ARROZ Y L\u00c1CTEOS - Estudio G\u00e1lvez Risso Zegarra &amp; Asociados","robots":{"index":"index","follow":"follow","max-snippet":"max-snippet:-1","max-image-preview":"max-image-preview:large","max-video-preview":"max-video-preview:-1"},"canonical":"https:\/\/grzasociados.com\/en\/resolucion-ministerial-n-008-2026-ef-15-01-aprueban-precios-de-referencia-y-derechos-variables-adicionales-sobre-las-importaciones-de-maiz-azucar-arroz-y-lacteos\/","og_locale":"en_US","og_type":"article","og_title":"RESOLUCI\u00d3N MINISTERIAL N\u00b0 008-2026-EF\/15.01 \u2013 APRUEBAN PRECIOS DE REFERENCIA Y DERECHOS VARIABLES ADICIONALES SOBRE LAS IMPORTACIONES DE MA\u00cdZ, AZ\u00daCAR, ARROZ Y L\u00c1CTEOS - Estudio G\u00e1lvez Risso Zegarra &amp; Asociados","og_description":"Mediante Decreto Supremo N\u00b0 115-2001- EF, se estableci\u00f3 el Sistema de Franja de Precios a las importaciones de los productos ma\u00edz, az\u00facar, arroz y l\u00e1cteos. Posteriormente, mediante el Decreto Supremo [&hellip;]","og_url":"https:\/\/grzasociados.com\/en\/resolucion-ministerial-n-008-2026-ef-15-01-aprueban-precios-de-referencia-y-derechos-variables-adicionales-sobre-las-importaciones-de-maiz-azucar-arroz-y-lacteos\/","og_site_name":"Estudio G\u00e1lvez Risso Zegarra &amp; Asociados","article_published_time":"2026-04-29T14:30:58+00:00","article_modified_time":"2026-04-29T17:36:49+00:00","author":"Karina Manco","twitter_card":"summary_large_image","twitter_misc":{"Written by":"Karina Manco","Est. reading time":"1 minute"},"schema":{"@context":"https:\/\/schema.org","@graph":[{"@type":"Article","@id":"https:\/\/grzasociados.com\/resolucion-ministerial-n-008-2026-ef-15-01-aprueban-precios-de-referencia-y-derechos-variables-adicionales-sobre-las-importaciones-de-maiz-azucar-arroz-y-lacteos\/#article","isPartOf":{"@id":"https:\/\/grzasociados.com\/resolucion-ministerial-n-008-2026-ef-15-01-aprueban-precios-de-referencia-y-derechos-variables-adicionales-sobre-las-importaciones-de-maiz-azucar-arroz-y-lacteos\/"},"author":{"name":"Karina Manco","@id":"https:\/\/grzasociados.com\/#\/schema\/person\/4af6c646ce4bac72b5879eda8bf3d663"},"headline":"RESOLUCI\u00d3N MINISTERIAL N\u00b0 008-2026-EF\/15.01 \u2013 APRUEBAN PRECIOS DE REFERENCIA Y DERECHOS VARIABLES ADICIONALES SOBRE LAS IMPORTACIONES DE MA\u00cdZ, AZ\u00daCAR, ARROZ Y L\u00c1CTEOS","datePublished":"2026-04-29T14:30:58+00:00","dateModified":"2026-04-29T17:36:49+00:00","mainEntityOfPage":{"@id":"https:\/\/grzasociados.com\/resolucion-ministerial-n-008-2026-ef-15-01-aprueban-precios-de-referencia-y-derechos-variables-adicionales-sobre-las-importaciones-de-maiz-azucar-arroz-y-lacteos\/"},"wordCount":366,"publisher":{"@id":"https:\/\/grzasociados.com\/#organization"},"articleSection":["Informativo Aduanero"],"inLanguage":"en-US"},{"@type":"WebPage","@id":"https:\/\/grzasociados.com\/resolucion-ministerial-n-008-2026-ef-15-01-aprueban-precios-de-referencia-y-derechos-variables-adicionales-sobre-las-importaciones-de-maiz-azucar-arroz-y-lacteos\/","url":"https:\/\/grzasociados.com\/resolucion-ministerial-n-008-2026-ef-15-01-aprueban-precios-de-referencia-y-derechos-variables-adicionales-sobre-las-importaciones-de-maiz-azucar-arroz-y-lacteos\/","name":"RESOLUCI\u00d3N MINISTERIAL N\u00b0 008-2026-EF\/15.01 \u2013 APRUEBAN PRECIOS DE REFERENCIA Y DERECHOS VARIABLES ADICIONALES SOBRE LAS IMPORTACIONES DE MA\u00cdZ, AZ\u00daCAR, ARROZ Y L\u00c1CTEOS - Estudio G\u00e1lvez Risso Zegarra &amp; Asociados","isPartOf":{"@id":"https:\/\/grzasociados.com\/#website"},"datePublished":"2026-04-29T14:30:58+00:00","dateModified":"2026-04-29T17:36:49+00:00","breadcrumb":{"@id":"https:\/\/grzasociados.com\/resolucion-ministerial-n-008-2026-ef-15-01-aprueban-precios-de-referencia-y-derechos-variables-adicionales-sobre-las-importaciones-de-maiz-azucar-arroz-y-lacteos\/#breadcrumb"},"inLanguage":"en-US","potentialAction":[{"@type":"ReadAction","target":["https:\/\/grzasociados.com\/resolucion-ministerial-n-008-2026-ef-15-01-aprueban-precios-de-referencia-y-derechos-variables-adicionales-sobre-las-importaciones-de-maiz-azucar-arroz-y-lacteos\/"]}]},{"@type":"BreadcrumbList","@id":"https:\/\/grzasociados.com\/resolucion-ministerial-n-008-2026-ef-15-01-aprueban-precios-de-referencia-y-derechos-variables-adicionales-sobre-las-importaciones-de-maiz-azucar-arroz-y-lacteos\/#breadcrumb","itemListElement":[{"@type":"ListItem","position":1,"name":"Portada","item":"https:\/\/grzasociados.com\/"},{"@type":"ListItem","position":2,"name":"RESOLUCI\u00d3N MINISTERIAL N\u00b0 008-2026-EF\/15.01 \u2013 APRUEBAN PRECIOS DE REFERENCIA Y DERECHOS VARIABLES ADICIONALES SOBRE LAS IMPORTACIONES DE MA\u00cdZ, AZ\u00daCAR, ARROZ Y L\u00c1CTEOS"}]},{"@type":"WebSite","@id":"https:\/\/grzasociados.com\/#website","url":"https:\/\/grzasociados.com\/","name":"Estudio G\u00e1lvez Risso Zegarra & Asociados","description":"","publisher":{"@id":"https:\/\/grzasociados.com\/#organization"},"potentialAction":[{"@type":"SearchAction","target":{"@type":"EntryPoint","urlTemplate":"https:\/\/grzasociados.com\/?s={search_term_string}"},"query-input":{"@type":"PropertyValueSpecification","valueRequired":true,"valueName":"search_term_string"}}],"inLanguage":"en-US"},{"@type":"Organization","@id":"https:\/\/grzasociados.com\/#organization","name":"Estudio G\u00e1lvez Risso Zegarra & Asociados","url":"https:\/\/grzasociados.com\/","logo":{"@type":"ImageObject","inLanguage":"en-US","@id":"https:\/\/grzasociados.com\/#\/schema\/logo\/image\/","url":"https:\/\/grzasociados.com\/wp-content\/uploads\/2025\/04\/grz.png","contentUrl":"https:\/\/grzasociados.com\/wp-content\/uploads\/2025\/04\/grz.png","width":386,"height":91,"caption":"Estudio G\u00e1lvez Risso Zegarra & Asociados"},"image":{"@id":"https:\/\/grzasociados.com\/#\/schema\/logo\/image\/"}},{"@type":"Person","@id":"https:\/\/grzasociados.com\/#\/schema\/person\/4af6c646ce4bac72b5879eda8bf3d663","name":"Karina Manco","image":{"@type":"ImageObject","inLanguage":"en-US","@id":"https:\/\/grzasociados.com\/#\/schema\/person\/image\/","url":"https:\/\/secure.gravatar.com\/avatar\/35f5e31c8539d65e92ccf21328793e3ceefd21b7ae8fa073cc572f6999f4197c?s=96&d=mm&r=g","contentUrl":"https:\/\/secure.gravatar.com\/avatar\/35f5e31c8539d65e92ccf21328793e3ceefd21b7ae8fa073cc572f6999f4197c?s=96&d=mm&r=g","caption":"Karina Manco"},"url":"https:\/\/grzasociados.com\/en\/author\/kmanco_adm\/"}]}},"rttpg_featured_image_url":null,"rttpg_author":{"display_name":"Karina Manco","author_link":"https:\/\/grzasociados.com\/en\/author\/kmanco_adm\/"},"rttpg_comment":0,"rttpg_category":"<a href=\"https:\/\/grzasociados.com\/en\/category\/informativo-aduanero\/\" rel=\"category tag\">Informativo Aduanero<\/a>","rttpg_excerpt":"Mediante Decreto Supremo N\u00b0 115-2001- EF, se estableci\u00f3 el Sistema de Franja de Precios a las importaciones de los productos ma\u00edz, az\u00facar, arroz y l\u00e1cteos. Posteriormente, mediante el Decreto Supremo [&hellip;]","_links":{"self":[{"href":"https:\/\/grzasociados.com\/en\/wp-json\/wp\/v2\/posts\/2416","targetHints":{"allow":["GET"]}}],"collection":[{"href":"https:\/\/grzasociados.com\/en\/wp-json\/wp\/v2\/posts"}],"about":[{"href":"https:\/\/grzasociados.com\/en\/wp-json\/wp\/v2\/types\/post"}],"author":[{"embeddable":true,"href":"https:\/\/grzasociados.com\/en\/wp-json\/wp\/v2\/users\/2"}],"replies":[{"embeddable":true,"href":"https:\/\/grzasociados.com\/en\/wp-json\/wp\/v2\/comments?post=2416"}],"version-history":[{"count":4,"href":"https:\/\/grzasociados.com\/en\/wp-json\/wp\/v2\/posts\/2416\/revisions"}],"predecessor-version":[{"id":2506,"href":"https:\/\/grzasociados.com\/en\/wp-json\/wp\/v2\/posts\/2416\/revisions\/2506"}],"wp:attachment":[{"href":"https:\/\/grzasociados.com\/en\/wp-json\/wp\/v2\/media?parent=2416"}],"wp:term":[{"taxonomy":"category","embeddable":true,"href":"https:\/\/grzasociados.com\/en\/wp-json\/wp\/v2\/categories?post=2416"},{"taxonomy":"post_tag","embeddable":true,"href":"https:\/\/grzasociados.com\/en\/wp-json\/wp\/v2\/tags?post=2416"}],"curies":[{"name":"wp","href":"https:\/\/api.w.org\/{rel}","templated":true}]}}